{"id":787,"date":"2015-11-18T12:00:33","date_gmt":"2015-11-18T18:00:33","guid":{"rendered":"https:\/\/painstopshere1.wordpress.com\/?p=284"},"modified":"2024-10-22T15:50:13","modified_gmt":"2024-10-22T20:50:13","slug":"are-headaches-an-illness","status":"publish","type":"post","link":"https:\/\/painendshere.com\/es\/blog\/are-headaches-an-illness\/","title":{"rendered":"\u00bfSon los dolores de cabeza una enfermedad?"},"content":{"rendered":"<p>Los dolores de cabeza son tan comunes que realmente no nos detenemos a pensar en cu\u00e1n serios o cu\u00e1les podr\u00edan ser sus fuentes. A menudo pensamos que un poco de ibuprofeno, una almohadilla t\u00e9rmica o una siesta pueden aliviar el dolor, pero \u00bfde d\u00f3nde viene ese dolor? \u00bfEs causado por un problema de salud m\u00e1s grave?<\/p>\n<p>Para otros, los dolores de cabeza y los efectos secundarios y s\u00edntomas que los acompa\u00f1an no pueden ignorarse tan f\u00e1cilmente. Los dolores de cabeza cr\u00f3nicos y las migra\u00f1as pueden ser incapacitantes, lo que imposibilita al paciente realizar sus actividades diarias durante el inicio y la duraci\u00f3n del dolor.<\/p>\n<p>Los dolores de cabeza diarios cr\u00f3nicos se clasifican como tales seg\u00fan la frecuencia con la que ocurren. Si una persona que sufre de dolor de cabeza tiene dolores de cabeza que ocurren 15 o m\u00e1s d\u00edas al mes, es v\u00edctima de dolores de cabeza diarios cr\u00f3nicos. Si bien los dolores de cabeza cr\u00f3nicos y sus s\u00edntomas var\u00edan, se incluyen en las categor\u00edas de dolores de cabeza cr\u00f3nicos de tipo tensional, dolores de cabeza por rebote \/ uso excesivo de medicamentos y migra\u00f1as cr\u00f3nicas, y a menudo se caracterizan por los siguientes s\u00edntomas \/ efectos secundarios generales:<\/p>\n<ul>\n<li>Dolores de cabeza cr\u00f3nicos de tipo tensional: opresi\u00f3n y presi\u00f3n en ambos lados de la cabeza<\/li>\n<li>Dolores de cabeza por uso excesivo \/ rebote de medicamentos: intensidad leve \/ moderada; empeora durante el uso excesivo de drogas<\/li>\n<li>Migra\u00f1as cr\u00f3nicas: las migra\u00f1as a menudo se sienten en un lado de la cabeza \/ cuerpo y el dolor suele ir acompa\u00f1ado de otros efectos secundarios como n\u00e1useas, v\u00f3mitos y sensibilidad a la luz y al sonido.<\/li>\n<\/ul>\n<p>Es importante que las personas que sufren de dolor de cabeza controlen su dolor de cabeza, sin importar d\u00f3nde se encuentren en el espectro del dolor. Los dolores de cabeza son realmente una parte inevitable de la vida, pero saber qu\u00e9 tan severos y duraderos son normalmente sus dolores de cabeza puede ayudarlo a ser m\u00e1s consciente de cualquier cambio significativo que pueda indicar problemas de salud m\u00e1s graves.<\/p>\n<p>Entonces, \u00bfc\u00f3mo saber cu\u00e1ndo buscar ayuda para un dolor de cabeza? \u00bfCu\u00e1ndo algo de dolor &quot;normal&quot; se convierte en algo preocupante? Afortunadamente, la American Headache Society ha publicado un \u00fatil dispositivo de distinciones en dolores de cabeza cr\u00f3nicos y efectos secundarios que alentar\u00edan a la v\u00edctima a buscar tratamiento m\u00e9dico. Recuerde SNOOP:<\/p>\n<h2>SNOOP para dolores de cabeza cr\u00f3nicos<\/h2>\n<p><b>S<\/b>S\u00edntomas sist\u00e9micos (o factores de riesgo secundarios): cuando la fiebre se acompa\u00f1a de s\u00edntomas en otras partes del cuerpo, como fiebre o p\u00e9rdida de peso, o si el dolor de cabeza se presenta en un paciente con un riesgo secundario como el VIH o un c\u00e1ncer sist\u00e9mico, contacto un m\u00e9dico<\/p>\n<p><b>norte<\/b>S\u00edntomas eurol\u00f3gicos: las deficiencias en el estado de alerta general, como la confusi\u00f3n, la visi\u00f3n borrosa, la p\u00e9rdida del conocimiento y los cambios en la personalidad son todos efectos secundarios negativos y graves de los dolores de cabeza cr\u00f3nicos y la v\u00edctima debe comunicarse con un m\u00e9dico de inmediato.<\/p>\n<p><b>O<\/b>Inicio: los dolores de cabeza repentinos, abruptos o de una fracci\u00f3n de segundo que ocurren sin previo aviso pueden ser graves y pueden ocurrir cuando problemas m\u00e1s graves, como sangrado en el cerebro, causan los dolores de cabeza.<\/p>\n<p><b>O<\/b>lder: los pacientes de edad avanzada (50+) que tienen dolores de cabeza de nueva aparici\u00f3n o progresivos deben comunicarse con un m\u00e9dico, ya que su riesgo de arteritis de c\u00e9lulas gigantes o un tumor cerebral es mayor<\/p>\n<p><b>PAG<\/b>agresi\u00f3n: los cambios negativos en el dolor, la frecuencia y la duraci\u00f3n de los dolores de cabeza podr\u00edan indicar problemas de salud subyacentes m\u00e1s graves<\/p>\n<p>Si siente como si alguno de los dolores de cabeza que experimenta sea debilitante o m\u00e1s doloroso \/ severo de lo que ser\u00eda un dolor de cabeza normal m\u00e1s \u201ccom\u00fan\u201d, comun\u00edquese con nosotros en el Migraine Institute para discutir su dolor, s\u00edntomas y efectos secundarios espec\u00edficos.<\/p>","protected":false},"excerpt":{"rendered":"<p>Los dolores de cabeza son tan comunes que no nos detenemos a pensar en su gravedad ni en sus posibles causas. A menudo pensamos que un poco de ibuprofeno, una compresa caliente o una siesta pueden aliviar el dolor, pero \u00bfde d\u00f3nde viene ese dolor? \u00bfEs causado por una [\u2026]<\/p>","protected":false},"author":2,"featured_media":29926,"comment_status":"open","ping_status":"open","sticky":false,"template":"","format":"standard","meta":{"footnotes":""},"categories":[13],"tags":[],"class_list":["post-787","post","type-post","status-publish","format-standard","has-post-thumbnail","hentry","category-pain-management"],"yoast_head":"<!-- This site is optimized with the Yoast SEO plugin v26.8 - https:\/\/yoast.com\/product\/yoast-seo-wordpress\/ -->\n<title>Are Headaches An Illness?<\/title>\n<meta name=\"description\" content=\"Are Headaches Considered to be an Illness? For More Information Schedule an Appointment with Migraine Specialists in Plano, TX.\" \/>\n<meta name=\"robots\" content=\"index, follow, max-snippet:-1, max-image-preview:large, max-video-preview:-1\" \/>\n<link rel=\"canonical\" href=\"https:\/\/painendshere.com\/es\/blog\/are-headaches-an-illness\/\" \/>\n<meta property=\"og:locale\" content=\"es_MX\" \/>\n<meta property=\"og:type\" content=\"article\" \/>\n<meta property=\"og:title\" content=\"Are Headaches An Illness?\" \/>\n<meta property=\"og:description\" content=\"Are Headaches Considered to be an Illness? For More Information Schedule an Appointment with Migraine Specialists in Plano, TX.\" \/>\n<meta property=\"og:url\" content=\"https:\/\/painendshere.com\/es\/blog\/are-headaches-an-illness\/\" \/>\n<meta property=\"og:site_name\" content=\"The Pain Relief Center\" \/>\n<meta property=\"article:publisher\" content=\"https:\/\/www.facebook.com\/Pain.Ends.Here\/\" \/>\n<meta property=\"article:published_time\" content=\"2015-11-18T18:00:33+00:00\" \/>\n<meta property=\"article:modified_time\" content=\"2024-10-22T20:50:13+00:00\" \/>\n<meta property=\"og:image\" content=\"https:\/\/painendshere.com\/wp-content\/uploads\/2015\/11\/are-headaches-an-illness.jpg\" \/>\n\t<meta property=\"og:image:width\" content=\"2000\" \/>\n\t<meta property=\"og:image:height\" content=\"1080\" \/>\n\t<meta property=\"og:image:type\" content=\"image\/jpeg\" \/>\n<meta name=\"author\" content=\"painends2\" \/>\n<meta name=\"twitter:card\" content=\"summary_large_image\" \/>\n<meta name=\"twitter:creator\" content=\"@PainEndsHere\" \/>\n<meta name=\"twitter:site\" content=\"@PainEndsHere\" \/>\n<meta name=\"twitter:label1\" content=\"Escrito por\" \/>\n\t<meta name=\"twitter:data1\" content=\"painends2\" \/>\n\t<meta name=\"twitter:label2\" content=\"Tiempo de lectura\" \/>\n\t<meta name=\"twitter:data2\" content=\"3 minutos\" \/>\n<script type=\"application\/ld+json\" class=\"yoast-schema-graph\">{\"@context\":\"https:\/\/schema.org\",\"@graph\":[{\"@type\":\"Article\",\"@id\":\"https:\/\/painendshere.com\/blog\/are-headaches-an-illness\/#article\",\"isPartOf\":{\"@id\":\"https:\/\/painendshere.com\/blog\/are-headaches-an-illness\/\"},\"author\":{\"name\":\"painends2\",\"@id\":\"https:\/\/painendshere.com\/#\/schema\/person\/3f8870615ebcf4aa794acad633e8e4f8\"},\"headline\":\"Are Headaches An Illness?\",\"datePublished\":\"2015-11-18T18:00:33+00:00\",\"dateModified\":\"2024-10-22T20:50:13+00:00\",\"mainEntityOfPage\":{\"@id\":\"https:\/\/painendshere.com\/blog\/are-headaches-an-illness\/\"},\"wordCount\":537,\"commentCount\":0,\"publisher\":{\"@id\":\"https:\/\/painendshere.com\/#organization\"},\"image\":{\"@id\":\"https:\/\/painendshere.com\/blog\/are-headaches-an-illness\/#primaryimage\"},\"thumbnailUrl\":\"https:\/\/painendshere.com\/wp-content\/uploads\/2015\/11\/are-headaches-an-illness.jpg\",\"articleSection\":[\"Pain Management\"],\"inLanguage\":\"es\",\"potentialAction\":[{\"@type\":\"CommentAction\",\"name\":\"Comment\",\"target\":[\"https:\/\/painendshere.com\/blog\/are-headaches-an-illness\/#respond\"]}]},{\"@type\":\"WebPage\",\"@id\":\"https:\/\/painendshere.com\/blog\/are-headaches-an-illness\/\",\"url\":\"https:\/\/painendshere.com\/blog\/are-headaches-an-illness\/\",\"name\":\"Are Headaches An Illness?\",\"isPartOf\":{\"@id\":\"https:\/\/painendshere.com\/#website\"},\"primaryImageOfPage\":{\"@id\":\"https:\/\/painendshere.com\/blog\/are-headaches-an-illness\/#primaryimage\"},\"image\":{\"@id\":\"https:\/\/painendshere.com\/blog\/are-headaches-an-illness\/#primaryimage\"},\"thumbnailUrl\":\"https:\/\/painendshere.com\/wp-content\/uploads\/2015\/11\/are-headaches-an-illness.jpg\",\"datePublished\":\"2015-11-18T18:00:33+00:00\",\"dateModified\":\"2024-10-22T20:50:13+00:00\",\"description\":\"Are Headaches Considered to be an Illness? For More Information Schedule an Appointment with Migraine Specialists in Plano, TX.\",\"breadcrumb\":{\"@id\":\"https:\/\/painendshere.com\/blog\/are-headaches-an-illness\/#breadcrumb\"},\"inLanguage\":\"es\",\"potentialAction\":[{\"@type\":\"ReadAction\",\"target\":[\"https:\/\/painendshere.com\/blog\/are-headaches-an-illness\/\"]}]},{\"@type\":\"ImageObject\",\"inLanguage\":\"es\",\"@id\":\"https:\/\/painendshere.com\/blog\/are-headaches-an-illness\/#primaryimage\",\"url\":\"https:\/\/painendshere.com\/wp-content\/uploads\/2015\/11\/are-headaches-an-illness.jpg\",\"contentUrl\":\"https:\/\/painendshere.com\/wp-content\/uploads\/2015\/11\/are-headaches-an-illness.jpg\",\"width\":2000,\"height\":1080,\"caption\":\"are headaches an illness\"},{\"@type\":\"BreadcrumbList\",\"@id\":\"https:\/\/painendshere.com\/blog\/are-headaches-an-illness\/#breadcrumb\",\"itemListElement\":[{\"@type\":\"ListItem\",\"position\":1,\"name\":\"Home\",\"item\":\"https:\/\/painendshere.com\/\"},{\"@type\":\"ListItem\",\"position\":2,\"name\":\"Are Headaches An Illness?\"}]},{\"@type\":\"WebSite\",\"@id\":\"https:\/\/painendshere.com\/#website\",\"url\":\"https:\/\/painendshere.com\/\",\"name\":\"The Pain Relief Center\",\"description\":\" Plano and Dallas Pain Doctor\",\"publisher\":{\"@id\":\"https:\/\/painendshere.com\/#organization\"},\"potentialAction\":[{\"@type\":\"SearchAction\",\"target\":{\"@type\":\"EntryPoint\",\"urlTemplate\":\"https:\/\/painendshere.com\/?s={search_term_string}\"},\"query-input\":{\"@type\":\"PropertyValueSpecification\",\"valueRequired\":true,\"valueName\":\"search_term_string\"}}],\"inLanguage\":\"es\"},{\"@type\":\"Organization\",\"@id\":\"https:\/\/painendshere.com\/#organization\",\"name\":\"The Pain Relief Center\",\"url\":\"https:\/\/painendshere.com\/\",\"logo\":{\"@type\":\"ImageObject\",\"inLanguage\":\"es\",\"@id\":\"https:\/\/painendshere.com\/#\/schema\/logo\/image\/\",\"url\":\"https:\/\/painendshere.com\/wp-content\/uploads\/2017\/06\/The-pain-relief-center-INSTITUTE-logos-e1563475665179.jpg\",\"contentUrl\":\"https:\/\/painendshere.com\/wp-content\/uploads\/2017\/06\/The-pain-relief-center-INSTITUTE-logos-e1563475665179.jpg\",\"width\":166,\"height\":50,\"caption\":\"The Pain Relief Center\"},\"image\":{\"@id\":\"https:\/\/painendshere.com\/#\/schema\/logo\/image\/\"},\"sameAs\":[\"https:\/\/www.facebook.com\/Pain.Ends.Here\/\",\"https:\/\/x.com\/PainEndsHere\",\"https:\/\/www.instagram.com\/thepainreliefcenter\/?hl=en\",\"https:\/\/www.linkedin.com\/in\/gabriel-rodriguez-2b801a15\/\"]},{\"@type\":\"Person\",\"@id\":\"https:\/\/painendshere.com\/#\/schema\/person\/3f8870615ebcf4aa794acad633e8e4f8\",\"name\":\"painends2\",\"image\":{\"@type\":\"ImageObject\",\"inLanguage\":\"es\",\"@id\":\"https:\/\/painendshere.com\/#\/schema\/person\/image\/\",\"url\":\"https:\/\/secure.gravatar.com\/avatar\/c38a118541dab7b7cd778a03675015b14b1b997e0c0ed387f87b448df8b5ce17?s=96&d=mm&r=g\",\"contentUrl\":\"https:\/\/secure.gravatar.com\/avatar\/c38a118541dab7b7cd778a03675015b14b1b997e0c0ed387f87b448df8b5ce17?s=96&d=mm&r=g\",\"caption\":\"painends2\"},\"sameAs\":[\"http:\/\/painendshere.com\"]}]}<\/script>\n<!-- \/ Yoast SEO plugin. -->","yoast_head_json":{"title":"\u00bfSon los dolores de cabeza una enfermedad?","description":"\u00bfSe consideran los dolores de cabeza una enfermedad? Para obtener m\u00e1s informaci\u00f3n, programe una cita con especialistas en migra\u00f1a en Plano, TX.","robots":{"index":"index","follow":"follow","max-snippet":"max-snippet:-1","max-image-preview":"max-image-preview:large","max-video-preview":"max-video-preview:-1"},"canonical":"https:\/\/painendshere.com\/es\/blog\/are-headaches-an-illness\/","og_locale":"es_MX","og_type":"article","og_title":"Are Headaches An Illness?","og_description":"Are Headaches Considered to be an Illness? For More Information Schedule an Appointment with Migraine Specialists in Plano, TX.","og_url":"https:\/\/painendshere.com\/es\/blog\/are-headaches-an-illness\/","og_site_name":"The Pain Relief Center","article_publisher":"https:\/\/www.facebook.com\/Pain.Ends.Here\/","article_published_time":"2015-11-18T18:00:33+00:00","article_modified_time":"2024-10-22T20:50:13+00:00","og_image":[{"width":2000,"height":1080,"url":"https:\/\/painendshere.com\/wp-content\/uploads\/2015\/11\/are-headaches-an-illness.jpg","type":"image\/jpeg"}],"author":"painends2","twitter_card":"summary_large_image","twitter_creator":"@PainEndsHere","twitter_site":"@PainEndsHere","twitter_misc":{"Escrito por":"painends2","Tiempo de lectura":"3 minutos"},"schema":{"@context":"https:\/\/schema.org","@graph":[{"@type":"Article","@id":"https:\/\/painendshere.com\/blog\/are-headaches-an-illness\/#article","isPartOf":{"@id":"https:\/\/painendshere.com\/blog\/are-headaches-an-illness\/"},"author":{"name":"painends2","@id":"https:\/\/painendshere.com\/#\/schema\/person\/3f8870615ebcf4aa794acad633e8e4f8"},"headline":"Are Headaches An Illness?","datePublished":"2015-11-18T18:00:33+00:00","dateModified":"2024-10-22T20:50:13+00:00","mainEntityOfPage":{"@id":"https:\/\/painendshere.com\/blog\/are-headaches-an-illness\/"},"wordCount":537,"commentCount":0,"publisher":{"@id":"https:\/\/painendshere.com\/#organization"},"image":{"@id":"https:\/\/painendshere.com\/blog\/are-headaches-an-illness\/#primaryimage"},"thumbnailUrl":"https:\/\/painendshere.com\/wp-content\/uploads\/2015\/11\/are-headaches-an-illness.jpg","articleSection":["Pain Management"],"inLanguage":"es","potentialAction":[{"@type":"CommentAction","name":"Comment","target":["https:\/\/painendshere.com\/blog\/are-headaches-an-illness\/#respond"]}]},{"@type":"WebPage","@id":"https:\/\/painendshere.com\/blog\/are-headaches-an-illness\/","url":"https:\/\/painendshere.com\/blog\/are-headaches-an-illness\/","name":"\u00bfSon los dolores de cabeza una enfermedad?","isPartOf":{"@id":"https:\/\/painendshere.com\/#website"},"primaryImageOfPage":{"@id":"https:\/\/painendshere.com\/blog\/are-headaches-an-illness\/#primaryimage"},"image":{"@id":"https:\/\/painendshere.com\/blog\/are-headaches-an-illness\/#primaryimage"},"thumbnailUrl":"https:\/\/painendshere.com\/wp-content\/uploads\/2015\/11\/are-headaches-an-illness.jpg","datePublished":"2015-11-18T18:00:33+00:00","dateModified":"2024-10-22T20:50:13+00:00","description":"\u00bfSe consideran los dolores de cabeza una enfermedad? Para obtener m\u00e1s informaci\u00f3n, programe una cita con especialistas en migra\u00f1a en Plano, TX.","breadcrumb":{"@id":"https:\/\/painendshere.com\/blog\/are-headaches-an-illness\/#breadcrumb"},"inLanguage":"es","potentialAction":[{"@type":"ReadAction","target":["https:\/\/painendshere.com\/blog\/are-headaches-an-illness\/"]}]},{"@type":"ImageObject","inLanguage":"es","@id":"https:\/\/painendshere.com\/blog\/are-headaches-an-illness\/#primaryimage","url":"https:\/\/painendshere.com\/wp-content\/uploads\/2015\/11\/are-headaches-an-illness.jpg","contentUrl":"https:\/\/painendshere.com\/wp-content\/uploads\/2015\/11\/are-headaches-an-illness.jpg","width":2000,"height":1080,"caption":"are headaches an illness"},{"@type":"BreadcrumbList","@id":"https:\/\/painendshere.com\/blog\/are-headaches-an-illness\/#breadcrumb","itemListElement":[{"@type":"ListItem","position":1,"name":"Home","item":"https:\/\/painendshere.com\/"},{"@type":"ListItem","position":2,"name":"Are Headaches An Illness?"}]},{"@type":"WebSite","@id":"https:\/\/painendshere.com\/#website","url":"https:\/\/painendshere.com\/","name":"El Centro de Alivio del Dolor","description":"Doctor del dolor de Plano y Dallas","publisher":{"@id":"https:\/\/painendshere.com\/#organization"},"potentialAction":[{"@type":"SearchAction","target":{"@type":"EntryPoint","urlTemplate":"https:\/\/painendshere.com\/?s={search_term_string}"},"query-input":{"@type":"PropertyValueSpecification","valueRequired":true,"valueName":"search_term_string"}}],"inLanguage":"es"},{"@type":"Organization","@id":"https:\/\/painendshere.com\/#organization","name":"El Centro de Alivio del Dolor","url":"https:\/\/painendshere.com\/","logo":{"@type":"ImageObject","inLanguage":"es","@id":"https:\/\/painendshere.com\/#\/schema\/logo\/image\/","url":"https:\/\/painendshere.com\/wp-content\/uploads\/2017\/06\/The-pain-relief-center-INSTITUTE-logos-e1563475665179.jpg","contentUrl":"https:\/\/painendshere.com\/wp-content\/uploads\/2017\/06\/The-pain-relief-center-INSTITUTE-logos-e1563475665179.jpg","width":166,"height":50,"caption":"The Pain Relief Center"},"image":{"@id":"https:\/\/painendshere.com\/#\/schema\/logo\/image\/"},"sameAs":["https:\/\/www.facebook.com\/Pain.Ends.Here\/","https:\/\/x.com\/PainEndsHere","https:\/\/www.instagram.com\/thepainreliefcenter\/?hl=en","https:\/\/www.linkedin.com\/in\/gabriel-rodriguez-2b801a15\/"]},{"@type":"Person","@id":"https:\/\/painendshere.com\/#\/schema\/person\/3f8870615ebcf4aa794acad633e8e4f8","name":"painends2","image":{"@type":"ImageObject","inLanguage":"es","@id":"https:\/\/painendshere.com\/#\/schema\/person\/image\/","url":"https:\/\/secure.gravatar.com\/avatar\/c38a118541dab7b7cd778a03675015b14b1b997e0c0ed387f87b448df8b5ce17?s=96&d=mm&r=g","contentUrl":"https:\/\/secure.gravatar.com\/avatar\/c38a118541dab7b7cd778a03675015b14b1b997e0c0ed387f87b448df8b5ce17?s=96&d=mm&r=g","caption":"painends2"},"sameAs":["http:\/\/painendshere.com"]}]}},"_links":{"self":[{"href":"https:\/\/painendshere.com\/es\/wp-json\/wp\/v2\/posts\/787","targetHints":{"allow":["GET"]}}],"collection":[{"href":"https:\/\/painendshere.com\/es\/wp-json\/wp\/v2\/posts"}],"about":[{"href":"https:\/\/painendshere.com\/es\/wp-json\/wp\/v2\/types\/post"}],"author":[{"embeddable":true,"href":"https:\/\/painendshere.com\/es\/wp-json\/wp\/v2\/users\/2"}],"replies":[{"embeddable":true,"href":"https:\/\/painendshere.com\/es\/wp-json\/wp\/v2\/comments?post=787"}],"version-history":[{"count":0,"href":"https:\/\/painendshere.com\/es\/wp-json\/wp\/v2\/posts\/787\/revisions"}],"wp:featuredmedia":[{"embeddable":true,"href":"https:\/\/painendshere.com\/es\/wp-json\/wp\/v2\/media\/29926"}],"wp:attachment":[{"href":"https:\/\/painendshere.com\/es\/wp-json\/wp\/v2\/media?parent=787"}],"wp:term":[{"taxonomy":"category","embeddable":true,"href":"https:\/\/painendshere.com\/es\/wp-json\/wp\/v2\/categories?post=787"},{"taxonomy":"post_tag","embeddable":true,"href":"https:\/\/painendshere.com\/es\/wp-json\/wp\/v2\/tags?post=787"}],"curies":[{"name":"gracias","href":"https:\/\/api.w.org\/{rel}","templated":true}]}}