{"id":13128,"date":"2019-04-18T13:17:39","date_gmt":"2019-04-18T18:17:39","guid":{"rendered":"https:\/\/painendshere.com\/?p=13128"},"modified":"2023-10-27T13:20:30","modified_gmt":"2023-10-27T18:20:30","slug":"what-you-need-to-know-psychiatric-aspects-of-chronic-pain","status":"publish","type":"post","link":"https:\/\/painendshere.com\/es\/blog\/what-you-need-to-know-psychiatric-aspects-of-chronic-pain\/","title":{"rendered":"Lo que necesita saber: aspectos psiqui\u00e1tricos del dolor cr\u00f3nico"},"content":{"rendered":"<p><span style=\"font-weight: 400;\">Cuando se trata de quejas de trastornos cr\u00f3nicos, estos suelen estar influenciados por algunos factores. Algunas de las afecciones psiqui\u00e1tricas de dolor cr\u00f3nico m\u00e1s comunes que a menudo ocurren junto con el dolor incluyen trastornos f\u00edsicos facticios, trastorno de somatizaci\u00f3n e hipocondr\u00eda.<\/span><\/p>\n<p><span style=\"font-weight: 400;\">La verdad es que los m\u00e9dicos generalmente se encuentran con ciertos comportamientos que definitivamente son confirmados por una enfermedad en particular. La mayor\u00eda de las veces, los pacientes se quejan de c\u00f3mo los s\u00edntomas espec\u00edficos van m\u00e1s all\u00e1 de lo que se espera de un proceso patol\u00f3gico.<\/span><\/p>\n<p><span style=\"font-weight: 400;\">Con eso en mente, hemos creado esta gu\u00eda para usted con respecto a lo que necesita saber sobre los aspectos del dolor cr\u00f3nico psiqui\u00e1trico.<\/span><\/p>\n<h2><span style=\"font-weight: 400;\">Epidemiolog\u00eda de ciertos trastornos psiqui\u00e1tricos<\/span><\/h2>\n<p><span style=\"font-weight: 400;\">Una de las causas importantes de morbilidad en la actualidad es la depresi\u00f3n. Si bien puede haber diferencias en cuanto a c\u00f3mo se define o afecta la depresi\u00f3n, todos podemos estar de acuerdo en que puede verse como un estado de \u00e1nimo. Adem\u00e1s, tambi\u00e9n puede verse como un diagn\u00f3stico cl\u00ednico, un s\u00edndrome o un s\u00edntoma. Como s\u00edntoma, la depresi\u00f3n a menudo se asocia con ansiedad. En un estudio publicado por el Centro Nacional de Informaci\u00f3n Biotecnol\u00f3gica, se confirm\u00f3 que la depresi\u00f3n es una enfermedad com\u00fan.<\/span><\/p>\n<p><span style=\"font-weight: 400;\">Dado que el dolor cr\u00f3nico psiqui\u00e1trico se observa a menudo en el sector de la atenci\u00f3n m\u00e9dica general, quienes padecen ciertos trastornos afectivos tienden a buscar atenci\u00f3n m\u00e9dica en comparaci\u00f3n con quienes no padecen ning\u00fan trastorno psiqui\u00e1trico. Tienden a buscar s\u00edntomas som\u00e1ticos, como dolor, en lugar de s\u00edntomas psiqui\u00e1tricos.<\/span><\/p>\n<p><span style=\"font-weight: 400;\">Adem\u00e1s, hemos notado c\u00f3mo los estudios m\u00e9dicos tienden a centrarse en c\u00f3mo estos trastornos no se diagnostican adecuadamente cuando los pacientes acuden a un chequeo. Como resultado, sus enfermedades no se tratan correctamente.<\/span><\/p>\n<h2><span style=\"font-weight: 400;\">Trastorno cr\u00f3nico, depresi\u00f3n y ansiedad<\/span><\/h2>\n<p><span style=\"font-weight: 400;\">Al investigar, nos hemos encontrado con varios estudios m\u00e9dicos que mostraron la relaci\u00f3n entre los trastornos depresivos o la depresi\u00f3n y el trastorno cr\u00f3nico. De hecho, un trastorno cr\u00f3nico se considera un estado de estr\u00e9s; por lo tanto, debe tenerse en cuenta como uno de los factores vitales para determinar la depresi\u00f3n en un individuo.<\/span><\/p>\n<p><span style=\"font-weight: 400;\">Hasta el d\u00eda de hoy, ha habido muchos estudios que explican la relaci\u00f3n entre estos dos; sin embargo, no ha habido una definici\u00f3n clara de qu\u00e9 tipo de relaci\u00f3n es. Esto crea un problema de cuello de botella cuando un individuo necesita manejar su ansiedad o depresi\u00f3n cr\u00f3nica inducida por un trastorno.<\/span><\/p>\n<p><span style=\"font-weight: 400;\">Hay superposiciones obvias entre los dos que se ha demostrado que son vitales para facilitar el desarrollo, la progresi\u00f3n y la aparici\u00f3n del trastorno cr\u00f3nico, as\u00ed como la depresi\u00f3n inducida por \u00e9l. De hecho, ha habido discrepancias en las investigaciones realizadas en este campo; sin embargo, podemos estar seguros de que la asociaci\u00f3n de trastorno cr\u00f3nico, depresi\u00f3n y ansiedad puede conceptualizarse de muchas formas.<\/span><\/p>\n<h2><span style=\"font-weight: 400;\">Trastorno cr\u00f3nico y trastornos somatomorfos<\/span><\/h2>\n<p><span style=\"font-weight: 400;\">Comencemos por definir qu\u00e9 son los trastornos somatomorfos. Un trastorno de s\u00edntomas som\u00e1ticos puede ser cualquier forma de trastorno mental que tiende a mostrar s\u00edntomas f\u00edsicos espec\u00edficos que sugieren una lesi\u00f3n o una enfermedad. No se puede determinar por completo como un efecto directo de una sustancia, una afecci\u00f3n m\u00e9dica general o cualquier cosa que est\u00e9 asociada con otra forma de trastorno mental.<\/span><\/p>\n<p><span style=\"font-weight: 400;\">Con eso en mente, podemos decir que los trastornos somatomorfos poseen s\u00edntomas asociados con una lesi\u00f3n o enfermedad; sin embargo, no existen hallazgos org\u00e1nicos presentes que respalden una suposici\u00f3n s\u00f3lida de que dichos signos est\u00e9n de alguna manera entrelazados con conflictos o factores psicol\u00f3gicos. Trastorno de somatizaci\u00f3n, trastorno de dolor psic\u00f3geno, hipocondr\u00eda y trastorno de conversi\u00f3n: estos son ejemplos de trastornos somatomorfos.<\/span><\/p>\n<h2><span style=\"font-weight: 400;\">Trastorno cr\u00f3nico con visi\u00f3n neurobiol\u00f3gica<\/span><\/h2>\n<p><span style=\"font-weight: 400;\">En un intento por determinar cu\u00e1l es la relaci\u00f3n entre el trastorno cr\u00f3nico y la depresi\u00f3n o la ansiedad, los investigadores han identificado ciertas similitudes. Una de estas similitudes incluye tener mecanismos neurobiol\u00f3gicos similares.<\/span><\/p>\n<p><span style=\"font-weight: 400;\">Los investigadores m\u00e9dicos han propuesto neurotransmisores, neurohormonas y neuromoduladores como aspectos en el desarrollo de la depresi\u00f3n, la ansiedad y los trastornos cr\u00f3nicos. Adem\u00e1s, la biolog\u00eda molecular ha visto varias formas de interacci\u00f3n entre algunos factores biol\u00f3gicos que juegan un papel esencial en el manejo y desarrollo de los trastornos cr\u00f3nicos y la depresi\u00f3n.<\/span><\/p>\n<p><span style=\"font-weight: 400;\">Un estudio publicado por el Centro Nacional de Informaci\u00f3n Biotecnol\u00f3gica afirma que los pacientes que han sufrido depresi\u00f3n tienden a mostrar menos actividad en el op\u00e9rculo, as\u00ed como en la corteza somatosensorial secundaria. Aquellos pacientes que sufren un trastorno cr\u00f3nico tienen un mayor nivel de activaci\u00f3n en estas \u00e1reas.<\/span><\/p>\n<h2><span style=\"font-weight: 400;\">La depresi\u00f3n como efecto secundario del dolor cr\u00f3nico<\/span><\/h2>\n<p><span style=\"font-weight: 400;\">Los investigadores m\u00e9dicos han comentado c\u00f3mo la depresi\u00f3n es un compa\u00f1ero neurobiol\u00f3gico de una <a href=\"https:\/\/painendshere.com\/es\/conditions\/chronic-pain\/\">dolor cr\u00f3nico<\/a> trastorno. Dado que hemos establecido que existe una relaci\u00f3n poco clara entre la depresi\u00f3n y el trastorno cr\u00f3nico, profundicemos en uno de los factores evidentes que conceptualizan esta relaci\u00f3n: la depresi\u00f3n es el resultado del ineludible trastorno cr\u00f3nico.<\/span><\/p>\n<p><span style=\"font-weight: 400;\">Se han realizado varios estudios que muestran c\u00f3mo los pacientes que han tenido artritis reumatoide tienden a sufrir un dolor prolongado; por lo tanto, resulta en depresi\u00f3n. Si bien existen diferencias absolutas entre el nivel de ansiedad de un individuo, dependiendo del tipo de lesi\u00f3n o dolor que encuentre, todav\u00eda nos queda claro que la depresi\u00f3n y la ansiedad pueden resultar de un dolor prolongado.<\/span><\/p>\n<p><span style=\"font-weight: 400;\">Adem\u00e1s, los pacientes de artritis reumatoide sufrieron menos dolor en comparaci\u00f3n con los pacientes con el trastorno cr\u00f3nico idiop\u00e1tico. No obstante, los pacientes con artritis reumatoide ahora est\u00e1n protegidos de cualquier forma de desmoralizaci\u00f3n, ya que ya se ha descubierto una cura.<\/span><\/p>\n<h2><span style=\"font-weight: 400;\">La depresi\u00f3n como efecto secundario de la farmacoterapia<\/span><\/h2>\n<p><span style=\"font-weight: 400;\">Very Well Health ha explicado c\u00f3mo el uso de pastillas antidepresivas puede tratar y controlar el dolor. Esto ha sido cient\u00edficamente probado ya que se ha utilizado varias veces en el campo m\u00e9dico. Incluso en dosis bajas, estas p\u00edldoras pueden causar ciertos cambios qu\u00edmicos que alteran la forma en que se percibe el dolor en el cerebro.<\/span><\/p>\n<p><span style=\"font-weight: 400;\">Las p\u00edldoras antidepresivas se usan para tratar trastornos cr\u00f3nicos porque pueden detener la progresi\u00f3n del ciclo incluso antes de que conduzca a una depresi\u00f3n o ansiedad real. Ahora sabemos que la depresi\u00f3n puede intensificar los sentimientos de dolor.<\/span><\/p>\n<p><span style=\"font-weight: 400;\">Ver\u00e1s, esto es un ciclo. La depresi\u00f3n se suma al dolor de una persona. Como resultado, disminuye la calidad de vida, lo que finalmente intensifica la depresi\u00f3n de un individuo.<\/span><\/p>\n<h2><span style=\"font-weight: 400;\">Tratamiento de la depresi\u00f3n en pacientes con dolor cr\u00f3nico<\/span><\/h2>\n<p><span style=\"font-weight: 400;\">Existe un evidente sesgo de derivaci\u00f3n cuando se trata de pacientes que padecen un trastorno cr\u00f3nico. Adem\u00e1s, aqu\u00ed es donde entra en juego la rehabilitaci\u00f3n cuando se trata de depresi\u00f3n inducida por dolor cr\u00f3nico. Una depresi\u00f3n mayor no tratada puede tener como resultado dos cosas. Puede conducir a la exacerbaci\u00f3n de dicho trastorno cr\u00f3nico y a la interferencia en el \u00e9xito del tratamiento del dolor. Teniendo esto en cuenta, es esencial consultar a su m\u00e9dico y ser consciente de las implicaciones para el tratamiento de un trastorno cr\u00f3nico, depresi\u00f3n, ansiedad o depresi\u00f3n o ansiedad inducida por un trastorno cr\u00f3nico.<\/span><\/p>\n<p><span style=\"font-weight: 400;\">Adem\u00e1s, el Centro Nacional de Informaci\u00f3n Biotecnol\u00f3gica ha enumerado varias opciones de tratamiento para pacientes que padecen trastornos cr\u00f3nicos y depresi\u00f3n:<\/span><\/p>\n<ul>\n<li style=\"font-weight: 400;\"><span style=\"font-weight: 400;\">El tratamiento psicoterap\u00e9utico se ha utilizado en pacientes deprimidos y ansiosos durante varias d\u00e9cadas. Adem\u00e1s, existen muchas t\u00e9cnicas en esta categor\u00eda, incluida la inyecci\u00f3n de dosis de imipramina.<\/span><\/li>\n<li style=\"font-weight: 400;\"><span style=\"font-weight: 400;\">La terapia interpersonal es una categor\u00eda bajo tratamiento psicoterap\u00e9utico. Esto tiene como objetivo identificar cualquier dificultad de relaci\u00f3n espec\u00edfica en la autoestima del paciente.<\/span><\/li>\n<li style=\"font-weight: 400;\"><span style=\"font-weight: 400;\">El tratamiento psicofarmacol\u00f3gico del dolor se dirige al trastorno en s\u00ed. Tiene como objetivo aliviar el dolor que siente el paciente.<\/span><\/li>\n<\/ul>\n<h2><span style=\"font-weight: 400;\">Conclusi\u00f3n<\/span><\/h2>\n<p><span style=\"font-weight: 400;\">La falta de explicaci\u00f3n sobre qu\u00e9 tipo de relaci\u00f3n tiene la depresi\u00f3n y el trastorno cr\u00f3nico ha dejado confundidos a los expertos m\u00e9dicos. Ciertas enfermedades y lesiones han estado sujetas a sesgos que han resultado en diagn\u00f3sticos incorrectos. Sin embargo, sabemos que el trastorno cr\u00f3nico puede afectar la salud mental del paciente y probablemente viceversa. Aliviar el dolor f\u00edsico se puede lograr de muchas maneras. Sin embargo, es mejor no dejar de lado la posibilidad de que la depresi\u00f3n o la ansiedad puedan afectar el dolor prolongado del paciente.<\/span><\/p>","protected":false},"excerpt":{"rendered":"<p>Cuando se trata de quejas de trastornos cr\u00f3nicos, estos suelen estar influenciados por algunos factores. Algunas de las condiciones de dolor cr\u00f3nico psiqui\u00e1trico m\u00e1s comunes que a menudo ocurren junto con el dolor incluyen trastornos f\u00edsicos ficticios, trastorno de somatizaci\u00f3n e hipocondriasis. La verdad es que los m\u00e9dicos generalmente se encuentran con ciertos comportamientos que son definitivamente afirmados por un [\u2026]<\/p>","protected":false},"author":2,"featured_media":13129,"comment_status":"closed","ping_status":"closed","sticky":false,"template":"","format":"standard","meta":{"footnotes":""},"categories":[13],"tags":[],"class_list":["post-13128","post","type-post","status-publish","format-standard","has-post-thumbnail","hentry","category-pain-management"],"yoast_head":"<!-- This site is optimized with the Yoast SEO plugin v26.8 - https:\/\/yoast.com\/product\/yoast-seo-wordpress\/ -->\n<title>Psychiatric Aspects of Chronic Pain | The Pain Relief Center | Plano<\/title>\n<meta name=\"description\" content=\"With that in mind, we have created this guide for you regarding the things you need to know about the aspects of psychiatric chronic pain.\" \/>\n<meta name=\"robots\" content=\"index, follow, max-snippet:-1, max-image-preview:large, max-video-preview:-1\" \/>\n<link rel=\"canonical\" href=\"https:\/\/painendshere.com\/es\/blog\/what-you-need-to-know-psychiatric-aspects-of-chronic-pain\/\" \/>\n<meta property=\"og:locale\" content=\"es_MX\" \/>\n<meta property=\"og:type\" content=\"article\" \/>\n<meta property=\"og:title\" content=\"Psychiatric Aspects of Chronic Pain | The Pain Relief Center | Plano\" \/>\n<meta property=\"og:description\" content=\"With that in mind, we have created this guide for you regarding the things you need to know about the aspects of psychiatric chronic pain.\" \/>\n<meta property=\"og:url\" content=\"https:\/\/painendshere.com\/es\/blog\/what-you-need-to-know-psychiatric-aspects-of-chronic-pain\/\" \/>\n<meta property=\"og:site_name\" content=\"The Pain Relief Center\" \/>\n<meta property=\"article:publisher\" content=\"https:\/\/www.facebook.com\/Pain.Ends.Here\/\" \/>\n<meta property=\"article:published_time\" content=\"2019-04-18T18:17:39+00:00\" \/>\n<meta property=\"article:modified_time\" content=\"2023-10-27T18:20:30+00:00\" \/>\n<meta property=\"og:image\" content=\"https:\/\/painendshere.com\/wp-content\/uploads\/2019\/03\/9-phychiatric-aspects-of-chronic-pain.jpg\" \/>\n\t<meta property=\"og:image:width\" content=\"800\" \/>\n\t<meta property=\"og:image:height\" content=\"525\" \/>\n\t<meta property=\"og:image:type\" content=\"image\/jpeg\" \/>\n<meta name=\"author\" content=\"painends2\" \/>\n<meta name=\"twitter:card\" content=\"summary_large_image\" \/>\n<meta name=\"twitter:creator\" content=\"@PainEndsHere\" \/>\n<meta name=\"twitter:site\" content=\"@PainEndsHere\" \/>\n<meta name=\"twitter:label1\" content=\"Escrito por\" \/>\n\t<meta name=\"twitter:data1\" content=\"painends2\" \/>\n\t<meta name=\"twitter:label2\" content=\"Tiempo de lectura\" \/>\n\t<meta name=\"twitter:data2\" content=\"6 minutos\" \/>\n<script type=\"application\/ld+json\" class=\"yoast-schema-graph\">{\"@context\":\"https:\/\/schema.org\",\"@graph\":[{\"@type\":\"Article\",\"@id\":\"https:\/\/painendshere.com\/blog\/what-you-need-to-know-psychiatric-aspects-of-chronic-pain\/#article\",\"isPartOf\":{\"@id\":\"https:\/\/painendshere.com\/blog\/what-you-need-to-know-psychiatric-aspects-of-chronic-pain\/\"},\"author\":{\"name\":\"painends2\",\"@id\":\"https:\/\/painendshere.com\/#\/schema\/person\/3f8870615ebcf4aa794acad633e8e4f8\"},\"headline\":\"What You Need to Know: Psychiatric Aspects of Chronic Pain\",\"datePublished\":\"2019-04-18T18:17:39+00:00\",\"dateModified\":\"2023-10-27T18:20:30+00:00\",\"mainEntityOfPage\":{\"@id\":\"https:\/\/painendshere.com\/blog\/what-you-need-to-know-psychiatric-aspects-of-chronic-pain\/\"},\"wordCount\":1270,\"publisher\":{\"@id\":\"https:\/\/painendshere.com\/#organization\"},\"image\":{\"@id\":\"https:\/\/painendshere.com\/blog\/what-you-need-to-know-psychiatric-aspects-of-chronic-pain\/#primaryimage\"},\"thumbnailUrl\":\"https:\/\/painendshere.com\/wp-content\/uploads\/2019\/03\/9-phychiatric-aspects-of-chronic-pain.jpg\",\"articleSection\":[\"Pain Management\"],\"inLanguage\":\"es\"},{\"@type\":\"WebPage\",\"@id\":\"https:\/\/painendshere.com\/blog\/what-you-need-to-know-psychiatric-aspects-of-chronic-pain\/\",\"url\":\"https:\/\/painendshere.com\/blog\/what-you-need-to-know-psychiatric-aspects-of-chronic-pain\/\",\"name\":\"Psychiatric Aspects of Chronic Pain | The Pain Relief Center | Plano\",\"isPartOf\":{\"@id\":\"https:\/\/painendshere.com\/#website\"},\"primaryImageOfPage\":{\"@id\":\"https:\/\/painendshere.com\/blog\/what-you-need-to-know-psychiatric-aspects-of-chronic-pain\/#primaryimage\"},\"image\":{\"@id\":\"https:\/\/painendshere.com\/blog\/what-you-need-to-know-psychiatric-aspects-of-chronic-pain\/#primaryimage\"},\"thumbnailUrl\":\"https:\/\/painendshere.com\/wp-content\/uploads\/2019\/03\/9-phychiatric-aspects-of-chronic-pain.jpg\",\"datePublished\":\"2019-04-18T18:17:39+00:00\",\"dateModified\":\"2023-10-27T18:20:30+00:00\",\"description\":\"With that in mind, we have created this guide for you regarding the things you need to know about the aspects of psychiatric chronic pain.\",\"breadcrumb\":{\"@id\":\"https:\/\/painendshere.com\/blog\/what-you-need-to-know-psychiatric-aspects-of-chronic-pain\/#breadcrumb\"},\"inLanguage\":\"es\",\"potentialAction\":[{\"@type\":\"ReadAction\",\"target\":[\"https:\/\/painendshere.com\/blog\/what-you-need-to-know-psychiatric-aspects-of-chronic-pain\/\"]}]},{\"@type\":\"ImageObject\",\"inLanguage\":\"es\",\"@id\":\"https:\/\/painendshere.com\/blog\/what-you-need-to-know-psychiatric-aspects-of-chronic-pain\/#primaryimage\",\"url\":\"https:\/\/painendshere.com\/wp-content\/uploads\/2019\/03\/9-phychiatric-aspects-of-chronic-pain.jpg\",\"contentUrl\":\"https:\/\/painendshere.com\/wp-content\/uploads\/2019\/03\/9-phychiatric-aspects-of-chronic-pain.jpg\",\"width\":800,\"height\":525,\"caption\":\"9 psychiatric aspects of chronic pain\"},{\"@type\":\"BreadcrumbList\",\"@id\":\"https:\/\/painendshere.com\/blog\/what-you-need-to-know-psychiatric-aspects-of-chronic-pain\/#breadcrumb\",\"itemListElement\":[{\"@type\":\"ListItem\",\"position\":1,\"name\":\"Home\",\"item\":\"https:\/\/painendshere.com\/\"},{\"@type\":\"ListItem\",\"position\":2,\"name\":\"What You Need to Know: Psychiatric Aspects of Chronic Pain\"}]},{\"@type\":\"WebSite\",\"@id\":\"https:\/\/painendshere.com\/#website\",\"url\":\"https:\/\/painendshere.com\/\",\"name\":\"The Pain Relief Center\",\"description\":\" Plano and Dallas Pain Doctor\",\"publisher\":{\"@id\":\"https:\/\/painendshere.com\/#organization\"},\"potentialAction\":[{\"@type\":\"SearchAction\",\"target\":{\"@type\":\"EntryPoint\",\"urlTemplate\":\"https:\/\/painendshere.com\/?s={search_term_string}\"},\"query-input\":{\"@type\":\"PropertyValueSpecification\",\"valueRequired\":true,\"valueName\":\"search_term_string\"}}],\"inLanguage\":\"es\"},{\"@type\":\"Organization\",\"@id\":\"https:\/\/painendshere.com\/#organization\",\"name\":\"The Pain Relief Center\",\"url\":\"https:\/\/painendshere.com\/\",\"logo\":{\"@type\":\"ImageObject\",\"inLanguage\":\"es\",\"@id\":\"https:\/\/painendshere.com\/#\/schema\/logo\/image\/\",\"url\":\"https:\/\/painendshere.com\/wp-content\/uploads\/2017\/06\/The-pain-relief-center-INSTITUTE-logos-e1563475665179.jpg\",\"contentUrl\":\"https:\/\/painendshere.com\/wp-content\/uploads\/2017\/06\/The-pain-relief-center-INSTITUTE-logos-e1563475665179.jpg\",\"width\":166,\"height\":50,\"caption\":\"The Pain Relief Center\"},\"image\":{\"@id\":\"https:\/\/painendshere.com\/#\/schema\/logo\/image\/\"},\"sameAs\":[\"https:\/\/www.facebook.com\/Pain.Ends.Here\/\",\"https:\/\/x.com\/PainEndsHere\",\"https:\/\/www.instagram.com\/thepainreliefcenter\/?hl=en\",\"https:\/\/www.linkedin.com\/in\/gabriel-rodriguez-2b801a15\/\"]},{\"@type\":\"Person\",\"@id\":\"https:\/\/painendshere.com\/#\/schema\/person\/3f8870615ebcf4aa794acad633e8e4f8\",\"name\":\"painends2\",\"image\":{\"@type\":\"ImageObject\",\"inLanguage\":\"es\",\"@id\":\"https:\/\/painendshere.com\/#\/schema\/person\/image\/\",\"url\":\"https:\/\/secure.gravatar.com\/avatar\/c38a118541dab7b7cd778a03675015b14b1b997e0c0ed387f87b448df8b5ce17?s=96&d=mm&r=g\",\"contentUrl\":\"https:\/\/secure.gravatar.com\/avatar\/c38a118541dab7b7cd778a03675015b14b1b997e0c0ed387f87b448df8b5ce17?s=96&d=mm&r=g\",\"caption\":\"painends2\"},\"sameAs\":[\"http:\/\/painendshere.com\"]}]}<\/script>\n<!-- \/ Yoast SEO plugin. -->","yoast_head_json":{"title":"Aspectos psiqui\u00e1tricos del dolor cr\u00f3nico | El Centro de Alivio del Dolor | Plano","description":"Con eso en mente, hemos creado esta gu\u00eda para usted con respecto a lo que necesita saber sobre los aspectos del dolor cr\u00f3nico psiqui\u00e1trico.","robots":{"index":"index","follow":"follow","max-snippet":"max-snippet:-1","max-image-preview":"max-image-preview:large","max-video-preview":"max-video-preview:-1"},"canonical":"https:\/\/painendshere.com\/es\/blog\/what-you-need-to-know-psychiatric-aspects-of-chronic-pain\/","og_locale":"es_MX","og_type":"article","og_title":"Psychiatric Aspects of Chronic Pain | The Pain Relief Center | Plano","og_description":"With that in mind, we have created this guide for you regarding the things you need to know about the aspects of psychiatric chronic pain.","og_url":"https:\/\/painendshere.com\/es\/blog\/what-you-need-to-know-psychiatric-aspects-of-chronic-pain\/","og_site_name":"The Pain Relief Center","article_publisher":"https:\/\/www.facebook.com\/Pain.Ends.Here\/","article_published_time":"2019-04-18T18:17:39+00:00","article_modified_time":"2023-10-27T18:20:30+00:00","og_image":[{"width":800,"height":525,"url":"https:\/\/painendshere.com\/wp-content\/uploads\/2019\/03\/9-phychiatric-aspects-of-chronic-pain.jpg","type":"image\/jpeg"}],"author":"painends2","twitter_card":"summary_large_image","twitter_creator":"@PainEndsHere","twitter_site":"@PainEndsHere","twitter_misc":{"Escrito por":"painends2","Tiempo de lectura":"6 minutos"},"schema":{"@context":"https:\/\/schema.org","@graph":[{"@type":"Article","@id":"https:\/\/painendshere.com\/blog\/what-you-need-to-know-psychiatric-aspects-of-chronic-pain\/#article","isPartOf":{"@id":"https:\/\/painendshere.com\/blog\/what-you-need-to-know-psychiatric-aspects-of-chronic-pain\/"},"author":{"name":"painends2","@id":"https:\/\/painendshere.com\/#\/schema\/person\/3f8870615ebcf4aa794acad633e8e4f8"},"headline":"What You Need to Know: Psychiatric Aspects of Chronic Pain","datePublished":"2019-04-18T18:17:39+00:00","dateModified":"2023-10-27T18:20:30+00:00","mainEntityOfPage":{"@id":"https:\/\/painendshere.com\/blog\/what-you-need-to-know-psychiatric-aspects-of-chronic-pain\/"},"wordCount":1270,"publisher":{"@id":"https:\/\/painendshere.com\/#organization"},"image":{"@id":"https:\/\/painendshere.com\/blog\/what-you-need-to-know-psychiatric-aspects-of-chronic-pain\/#primaryimage"},"thumbnailUrl":"https:\/\/painendshere.com\/wp-content\/uploads\/2019\/03\/9-phychiatric-aspects-of-chronic-pain.jpg","articleSection":["Pain Management"],"inLanguage":"es"},{"@type":"WebPage","@id":"https:\/\/painendshere.com\/blog\/what-you-need-to-know-psychiatric-aspects-of-chronic-pain\/","url":"https:\/\/painendshere.com\/blog\/what-you-need-to-know-psychiatric-aspects-of-chronic-pain\/","name":"Aspectos psiqui\u00e1tricos del dolor cr\u00f3nico | El Centro de Alivio del Dolor | Plano","isPartOf":{"@id":"https:\/\/painendshere.com\/#website"},"primaryImageOfPage":{"@id":"https:\/\/painendshere.com\/blog\/what-you-need-to-know-psychiatric-aspects-of-chronic-pain\/#primaryimage"},"image":{"@id":"https:\/\/painendshere.com\/blog\/what-you-need-to-know-psychiatric-aspects-of-chronic-pain\/#primaryimage"},"thumbnailUrl":"https:\/\/painendshere.com\/wp-content\/uploads\/2019\/03\/9-phychiatric-aspects-of-chronic-pain.jpg","datePublished":"2019-04-18T18:17:39+00:00","dateModified":"2023-10-27T18:20:30+00:00","description":"Con eso en mente, hemos creado esta gu\u00eda para usted con respecto a lo que necesita saber sobre los aspectos del dolor cr\u00f3nico psiqui\u00e1trico.","breadcrumb":{"@id":"https:\/\/painendshere.com\/blog\/what-you-need-to-know-psychiatric-aspects-of-chronic-pain\/#breadcrumb"},"inLanguage":"es","potentialAction":[{"@type":"ReadAction","target":["https:\/\/painendshere.com\/blog\/what-you-need-to-know-psychiatric-aspects-of-chronic-pain\/"]}]},{"@type":"ImageObject","inLanguage":"es","@id":"https:\/\/painendshere.com\/blog\/what-you-need-to-know-psychiatric-aspects-of-chronic-pain\/#primaryimage","url":"https:\/\/painendshere.com\/wp-content\/uploads\/2019\/03\/9-phychiatric-aspects-of-chronic-pain.jpg","contentUrl":"https:\/\/painendshere.com\/wp-content\/uploads\/2019\/03\/9-phychiatric-aspects-of-chronic-pain.jpg","width":800,"height":525,"caption":"9 psychiatric aspects of chronic pain"},{"@type":"BreadcrumbList","@id":"https:\/\/painendshere.com\/blog\/what-you-need-to-know-psychiatric-aspects-of-chronic-pain\/#breadcrumb","itemListElement":[{"@type":"ListItem","position":1,"name":"Home","item":"https:\/\/painendshere.com\/"},{"@type":"ListItem","position":2,"name":"What You Need to Know: Psychiatric Aspects of Chronic Pain"}]},{"@type":"WebSite","@id":"https:\/\/painendshere.com\/#website","url":"https:\/\/painendshere.com\/","name":"El Centro de Alivio del Dolor","description":"Doctor del dolor de Plano y Dallas","publisher":{"@id":"https:\/\/painendshere.com\/#organization"},"potentialAction":[{"@type":"SearchAction","target":{"@type":"EntryPoint","urlTemplate":"https:\/\/painendshere.com\/?s={search_term_string}"},"query-input":{"@type":"PropertyValueSpecification","valueRequired":true,"valueName":"search_term_string"}}],"inLanguage":"es"},{"@type":"Organization","@id":"https:\/\/painendshere.com\/#organization","name":"El Centro de Alivio del Dolor","url":"https:\/\/painendshere.com\/","logo":{"@type":"ImageObject","inLanguage":"es","@id":"https:\/\/painendshere.com\/#\/schema\/logo\/image\/","url":"https:\/\/painendshere.com\/wp-content\/uploads\/2017\/06\/The-pain-relief-center-INSTITUTE-logos-e1563475665179.jpg","contentUrl":"https:\/\/painendshere.com\/wp-content\/uploads\/2017\/06\/The-pain-relief-center-INSTITUTE-logos-e1563475665179.jpg","width":166,"height":50,"caption":"The Pain Relief Center"},"image":{"@id":"https:\/\/painendshere.com\/#\/schema\/logo\/image\/"},"sameAs":["https:\/\/www.facebook.com\/Pain.Ends.Here\/","https:\/\/x.com\/PainEndsHere","https:\/\/www.instagram.com\/thepainreliefcenter\/?hl=en","https:\/\/www.linkedin.com\/in\/gabriel-rodriguez-2b801a15\/"]},{"@type":"Person","@id":"https:\/\/painendshere.com\/#\/schema\/person\/3f8870615ebcf4aa794acad633e8e4f8","name":"painends2","image":{"@type":"ImageObject","inLanguage":"es","@id":"https:\/\/painendshere.com\/#\/schema\/person\/image\/","url":"https:\/\/secure.gravatar.com\/avatar\/c38a118541dab7b7cd778a03675015b14b1b997e0c0ed387f87b448df8b5ce17?s=96&d=mm&r=g","contentUrl":"https:\/\/secure.gravatar.com\/avatar\/c38a118541dab7b7cd778a03675015b14b1b997e0c0ed387f87b448df8b5ce17?s=96&d=mm&r=g","caption":"painends2"},"sameAs":["http:\/\/painendshere.com"]}]}},"_links":{"self":[{"href":"https:\/\/painendshere.com\/es\/wp-json\/wp\/v2\/posts\/13128","targetHints":{"allow":["GET"]}}],"collection":[{"href":"https:\/\/painendshere.com\/es\/wp-json\/wp\/v2\/posts"}],"about":[{"href":"https:\/\/painendshere.com\/es\/wp-json\/wp\/v2\/types\/post"}],"author":[{"embeddable":true,"href":"https:\/\/painendshere.com\/es\/wp-json\/wp\/v2\/users\/2"}],"replies":[{"embeddable":true,"href":"https:\/\/painendshere.com\/es\/wp-json\/wp\/v2\/comments?post=13128"}],"version-history":[{"count":0,"href":"https:\/\/painendshere.com\/es\/wp-json\/wp\/v2\/posts\/13128\/revisions"}],"wp:featuredmedia":[{"embeddable":true,"href":"https:\/\/painendshere.com\/es\/wp-json\/wp\/v2\/media\/13129"}],"wp:attachment":[{"href":"https:\/\/painendshere.com\/es\/wp-json\/wp\/v2\/media?parent=13128"}],"wp:term":[{"taxonomy":"category","embeddable":true,"href":"https:\/\/painendshere.com\/es\/wp-json\/wp\/v2\/categories?post=13128"},{"taxonomy":"post_tag","embeddable":true,"href":"https:\/\/painendshere.com\/es\/wp-json\/wp\/v2\/tags?post=13128"}],"curies":[{"name":"gracias","href":"https:\/\/api.w.org\/{rel}","templated":true}]}}